{"id":2748,"date":"2025-08-20T11:01:19","date_gmt":"2025-08-20T08:01:19","guid":{"rendered":"https:\/\/packforms.com\/?p=2748"},"modified":"2025-08-20T11:10:19","modified_gmt":"2025-08-20T08:10:19","slug":"packforms-avrasya-ambalaj-2025-fuarinda-yerini-aliyor","status":"publish","type":"post","link":"https:\/\/packforms.com\/en\/packforms-at-eurasia-packaging-2025\/","title":{"rendered":"Packforms, Avrasya Ambalaj 2025 Fuar\u0131\u2019nda Yerini Al\u0131yor!"},"content":{"rendered":"<div data-elementor-type=\"wp-post\" data-elementor-id=\"2748\" class=\"elementor elementor-2748\">\n\t\t\t\t<div class=\"elementor-element elementor-element-e093af4 e-flex e-con-boxed e-con e-parent\" data-id=\"e093af4\" data-element_type=\"container\">\n\t\t\t\t\t<div class=\"e-con-inner\">\n\t\t\t\t<div class=\"elementor-element elementor-element-b4fc7b2 elementor-widget elementor-widget-text-editor\" data-id=\"b4fc7b2\" data-element_type=\"widget\" data-widget_type=\"text-editor.default\">\n\t\t\t\t<div class=\"elementor-widget-container\">\n\t\t\t\t\t\t\t<p data-start=\"212\" data-end=\"400\">Ambalaj sekt\u00f6r\u00fcn\u00fcn en b\u00fcy\u00fck bulu\u015fma noktas\u0131 olan <a href=\"https:\/\/packforms.com\/en\/\"><strong data-start=\"261\" data-end=\"295\">Avrasya Ambalaj \u0130stanbul Fuar\u0131<\/strong><\/a>, bu y\u0131l da kap\u0131lar\u0131n\u0131 a\u00e7\u0131yor.<br data-start=\"325\" data-end=\"328\" \/>\ud83d\udcc5 <strong data-start=\"331\" data-end=\"350\">22-25 Ekim 2025<\/strong><br data-start=\"350\" data-end=\"353\" \/>\ud83d\udccd <strong data-start=\"356\" data-end=\"398\">T\u00dcYAP Fuar ve Kongre Merkezi, \u0130stanbul<\/strong><\/p><p data-start=\"402\" data-end=\"669\">Biz de <a href=\"https:\/\/packforms.com\/en\/\"><strong data-start=\"409\" data-end=\"422\">Packforms<\/strong><\/a>\u00a0olarak bu prestijli organizasyonda yerimizi al\u0131yor, sekt\u00f6r profesyonelleriyle bir araya geliyoruz. En yeni \u00fcr\u00fcnlerimizi, inovatif \u00e7\u00f6z\u00fcmlerimizi ve s\u00fcrd\u00fcr\u00fclebilirlik odakl\u0131 \u00fcretim anlay\u0131\u015f\u0131m\u0131z\u0131 ziyaret\u00e7ilerimizle payla\u015fmak i\u00e7in sab\u0131rs\u0131zlan\u0131yoruz.<\/p><p data-start=\"671\" data-end=\"712\">\ud83d\udc49 <strong data-start=\"674\" data-end=\"688\">Salon: 12A<\/strong><br data-start=\"688\" data-end=\"691\" \/>\ud83d\udc49 <strong data-start=\"694\" data-end=\"710\">Stant: 1270D<\/strong><\/p>\t\t\t\t\t\t<\/div>\n\t\t\t\t<\/div>\n\t\t\t\t<div class=\"elementor-element elementor-element-40c3fa7 elementor-widget elementor-widget-heading\" data-id=\"40c3fa7\" data-element_type=\"widget\" data-widget_type=\"heading.default\">\n\t\t\t\t<div class=\"elementor-widget-container\">\n\t\t\t<h2 class=\"elementor-heading-title elementor-size-default\">Neden Avrasya Ambalaj Fuar\u0131?<\/h2>\t\t<\/div>\n\t\t\t\t<\/div>\n\t\t\t\t<div class=\"elementor-element elementor-element-92eee0d elementor-widget elementor-widget-text-editor\" data-id=\"92eee0d\" data-element_type=\"widget\" data-widget_type=\"text-editor.default\">\n\t\t\t\t<div class=\"elementor-widget-container\">\n\t\t\t\t\t\t\t<p data-start=\"753\" data-end=\"924\">Ambalaj d\u00fcnyas\u0131n\u0131n kalbi her y\u0131l \u0130stanbul\u2019da at\u0131yor. <a href=\"https:\/\/packagingfair.com\/\" target=\"_blank\" rel=\"noopener\"><strong data-start=\"806\" data-end=\"831\">Avrasya Ambalaj Fuar\u0131<\/strong><\/a>, sadece T\u00fcrkiye\u2019nin de\u011fil, d\u00fcnyan\u0131n d\u00f6rt bir yan\u0131ndan profesyonelleri bir araya getiriyor.<\/p><ul data-start=\"925\" data-end=\"1101\"><li data-start=\"925\" data-end=\"965\"><p data-start=\"927\" data-end=\"965\">En son teknoloji \u00fcr\u00fcnleri ke\u015ffetmek,<\/p><\/li><li data-start=\"966\" data-end=\"996\"><p data-start=\"968\" data-end=\"996\">Yeni i\u015f birlikleri kurmak,<\/p><\/li><li data-start=\"997\" data-end=\"1101\"><p data-start=\"999\" data-end=\"1101\">Sekt\u00f6rdeki global trendleri yak\u0131ndan takip etmek isteyenler i\u00e7in bu fuar e\u015fsiz bir platform sunuyor.<\/p><\/li><\/ul>\t\t\t\t\t\t<\/div>\n\t\t\t\t<\/div>\n\t\t\t\t<div class=\"elementor-element elementor-element-55c9dad elementor-widget elementor-widget-heading\" data-id=\"55c9dad\" data-element_type=\"widget\" data-widget_type=\"heading.default\">\n\t\t\t\t<div class=\"elementor-widget-container\">\n\t\t\t<h2 class=\"elementor-heading-title elementor-size-default\">Packforms Olarak Fuarda Neler Sunaca\u011f\u0131z?<\/h2>\t\t<\/div>\n\t\t\t\t<\/div>\n\t\t\t\t<div class=\"elementor-element elementor-element-539a42e elementor-widget elementor-widget-text-editor\" data-id=\"539a42e\" data-element_type=\"widget\" data-widget_type=\"text-editor.default\">\n\t\t\t\t<div class=\"elementor-widget-container\">\n\t\t\t\t\t\t\t<p data-start=\"1154\" data-end=\"1249\">Fuarda, ambalaj sekt\u00f6r\u00fcne de\u011fer katan \u00e7\u00f6z\u00fcmlerimizi yak\u0131ndan inceleyebileceksiniz. \u00d6zellikle:<\/p><ul data-start=\"1250\" data-end=\"1380\"><li data-start=\"1250\" data-end=\"1288\"><p data-start=\"1252\" data-end=\"1288\"><strong data-start=\"1252\" data-end=\"1285\">Yenilik\u00e7i ambalaj \u00fcr\u00fcnlerimiz<\/strong>,<\/p><\/li><li data-start=\"1250\" data-end=\"1288\"><p data-start=\"1252\" data-end=\"1288\"><strong data-start=\"1291\" data-end=\"1329\">S\u00fcrd\u00fcr\u00fclebilir \u00fcretim yakla\u015f\u0131m\u0131m\u0131z<\/strong>,<\/p><\/li><li data-start=\"1333\" data-end=\"1380\"><p data-start=\"1335\" data-end=\"1380\"><strong data-start=\"1335\" data-end=\"1378\">M\u00fc\u015fteriye \u00f6zel tasarlanm\u0131\u015f \u00e7\u00f6z\u00fcmlerimiz<\/strong><\/p><\/li><\/ul><p data-start=\"1382\" data-end=\"1427\">ile sekt\u00f6rde fark yaratmaya devam ediyoruz.<\/p><p data-start=\"1429\" data-end=\"1569\">Ziyaret\u00e7ilerimiz, \u00fcr\u00fcnlerimizi <strong data-start=\"1460\" data-end=\"1508\">dokunarak, g\u00f6rerek ve birebir deneyimleyerek<\/strong> ihtiya\u00e7lar\u0131na en uygun \u00e7\u00f6z\u00fcmleri ke\u015ffetme f\u0131rsat\u0131 bulacak.<\/p>\t\t\t\t\t\t<\/div>\n\t\t\t\t<\/div>\n\t\t\t\t<div class=\"elementor-element elementor-element-b386b13 elementor-widget elementor-widget-heading\" data-id=\"b386b13\" data-element_type=\"widget\" data-widget_type=\"heading.default\">\n\t\t\t\t<div class=\"elementor-widget-container\">\n\t\t\t<h2 class=\"elementor-heading-title elementor-size-default\">Sizleri Stand\u0131m\u0131za Bekliyoruz!<\/h2>\t\t<\/div>\n\t\t\t\t<\/div>\n\t\t\t\t<div class=\"elementor-element elementor-element-194416b elementor-widget elementor-widget-text-editor\" data-id=\"194416b\" data-element_type=\"widget\" data-widget_type=\"text-editor.default\">\n\t\t\t\t<div class=\"elementor-widget-container\">\n\t\t\t\t\t\t\t<p data-start=\"1612\" data-end=\"1780\">Bizim i\u00e7in fuarlar sadece \u00fcr\u00fcnlerimizi sergiledi\u011fimiz alanlar de\u011fil; ayn\u0131 zamanda sekt\u00f6rel dostluklar\u0131n kuruldu\u011fu, yeni i\u015f birliklerinin do\u011fdu\u011fu bulu\u015fma noktalar\u0131d\u0131r.<\/p><p data-start=\"1782\" data-end=\"1942\">22-25 Ekim 2025 tarihlerinde <strong data-start=\"1811\" data-end=\"1874\"><a href=\"https:\/\/packforms.com\/en\/\">Avrasya Ambalaj \u0130stanbul Fuar\u0131<\/a>\u2019nda, Salon 12A &#8211; Stant 1270D<\/strong>\u2019de siz de\u011ferli ziyaret\u00e7ilerimizi a\u011f\u0131rlamaktan mutluluk duyaca\u011f\u0131z.<\/p><p data-start=\"1944\" data-end=\"2010\">\u2728 Gelin, ambalaj d\u00fcnyas\u0131n\u0131n gelece\u011fini birlikte \u015fekillendirelim!<\/p>\t\t\t\t\t\t<\/div>\n\t\t\t\t<\/div>\n\t\t\t\t\t<\/div>\n\t\t\t\t<\/div>\n\t\t\t\t<\/div>","protected":false},"excerpt":{"rendered":"<p>Ambalaj sekt\u00f6r\u00fcn\u00fcn en b\u00fcy\u00fck bulu\u015fma noktas\u0131 olan Avrasya Ambalaj \u0130stanbul Fuar\u0131, bu y\u0131l da kap\u0131lar\u0131n\u0131 a\u00e7\u0131yor.\ud83d\udcc5 22-25 Ekim 2025\ud83d\udccd T\u00dcYAP Fuar ve Kongre Merkezi, \u0130stanbul Biz de Packforms\u00a0olarak bu prestijli organizasyonda yerimizi al\u0131yor, sekt\u00f6r profesyonelleriyle bir araya geliyoruz. En yeni \u00fcr\u00fcnlerimizi, inovatif \u00e7\u00f6z\u00fcmlerimizi ve s\u00fcrd\u00fcr\u00fclebilirlik odakl\u0131 \u00fcretim anlay\u0131\u015f\u0131m\u0131z\u0131 ziyaret\u00e7ilerimizle payla\u015fmak i\u00e7in sab\u0131rs\u0131zlan\u0131yoruz. \ud83d\udc49 Salon: 12A\ud83d\udc49 [&hellip;]<\/p>\n","protected":false},"author":1,"featured_media":2750,"comment_status":"closed","ping_status":"closed","sticky":false,"template":"","format":"standard","meta":{"_acf_changed":false,"footnotes":""},"categories":[18,19],"tags":[23],"class_list":["post-2748","post","type-post","status-publish","format-standard","has-post-thumbnail","hentry","category-blog","category-haber","tag-avrasya-ambalaj-fuari"],"acf":[],"featured_image_src":{"landsacpe":["https:\/\/packforms.com\/wp-content\/uploads\/2025\/08\/Packforms-Avrasya-Ambalaj-2025-Fuarinda-Yerini-Aliyor-min-e1755677625726-1024x445.png",1024,445,true],"list":["https:\/\/packforms.com\/wp-content\/uploads\/2025\/08\/Packforms-Avrasya-Ambalaj-2025-Fuarinda-Yerini-Aliyor-min-e1755677625726-463x348.png",463,348,true],"medium":["https:\/\/packforms.com\/wp-content\/uploads\/2025\/08\/Packforms-Avrasya-Ambalaj-2025-Fuarinda-Yerini-Aliyor-min-e1755677625726-300x300.png",300,300,true],"full":["https:\/\/packforms.com\/wp-content\/uploads\/2025\/08\/Packforms-Avrasya-Ambalaj-2025-Fuarinda-Yerini-Aliyor-min-e1755677625726.png",1024,1026,false]},"_links":{"self":[{"href":"https:\/\/packforms.com\/en\/wp-json\/wp\/v2\/posts\/2748","targetHints":{"allow":["GET"]}}],"collection":[{"href":"https:\/\/packforms.com\/en\/wp-json\/wp\/v2\/posts"}],"about":[{"href":"https:\/\/packforms.com\/en\/wp-json\/wp\/v2\/types\/post"}],"author":[{"embeddable":true,"href":"https:\/\/packforms.com\/en\/wp-json\/wp\/v2\/users\/1"}],"replies":[{"embeddable":true,"href":"https:\/\/packforms.com\/en\/wp-json\/wp\/v2\/comments?post=2748"}],"version-history":[{"count":5,"href":"https:\/\/packforms.com\/en\/wp-json\/wp\/v2\/posts\/2748\/revisions"}],"predecessor-version":[{"id":2755,"href":"https:\/\/packforms.com\/en\/wp-json\/wp\/v2\/posts\/2748\/revisions\/2755"}],"wp:featuredmedia":[{"embeddable":true,"href":"https:\/\/packforms.com\/en\/wp-json\/wp\/v2\/media\/2750"}],"wp:attachment":[{"href":"https:\/\/packforms.com\/en\/wp-json\/wp\/v2\/media?parent=2748"}],"wp:term":[{"taxonomy":"category","embeddable":true,"href":"https:\/\/packforms.com\/en\/wp-json\/wp\/v2\/categories?post=2748"},{"taxonomy":"post_tag","embeddable":true,"href":"https:\/\/packforms.com\/en\/wp-json\/wp\/v2\/tags?post=2748"}],"curies":[{"name":"wp","href":"https:\/\/api.w.org\/{rel}","templated":true}]}}